{"id":124,"date":"2015-02-19T23:25:30","date_gmt":"2015-02-20T03:25:30","guid":{"rendered":"http:\/\/gadparroquialsanjuan.gob.ec\/azuay\/?p=124"},"modified":"2022-03-10T11:40:29","modified_gmt":"2022-03-10T15:40:29","slug":"simbolos-parroquiales","status":"publish","type":"post","link":"https:\/\/gadparroquialsanjuan.gob.ec\/azuay\/simbolos-parroquiales\/","title":{"rendered":"S\u00edmbolos Parroquiales"},"content":{"rendered":"<p>La parroquia San Juan del CID, cuenta con tres s\u00edmbolos patrios, en los cuales son el himno parroquial, la bandera y el escudo emblem\u00e1tico de la parroquia.<\/p>\n<p style=\"text-align: center;\"><strong>LA BANDERA <\/strong><\/p>\n<div  class=\"lgc-column lgc-grid-parent lgc-grid-50 lgc-tablet-grid-50 lgc-mobile-grid-100 lgc-equal-heights \"><div  class=\"inside-grid-column\">\n<p>&nbsp;<\/p>\n<p>&nbsp;<\/p>\n<p>&nbsp;<\/p>\n<p>&nbsp;<\/p>\n<p><img loading=\"lazy\" decoding=\"async\" class=\"wp-image-1075 aligncenter\" src=\"https:\/\/gadparroquialsanjuan.gob.ec\/azuay\/wp-content\/uploads\/2015\/02\/image3.jpeg\" alt=\"\" width=\"399\" height=\"266\" \/><\/p>\n<\/div><\/div>\n<div  class=\"lgc-column lgc-grid-parent lgc-grid-50 lgc-tablet-grid-50 lgc-mobile-grid-100 lgc-equal-heights \"><div  class=\"inside-grid-column\">\n<p>La bandera de la parroquia est\u00e1 conformada por tres franjas de tres colores llamativos, colores que pertenecen a la gama de colores fr\u00edos como a la vez c\u00e1lidos.\u00a0 En la secci\u00f3n de los tres colores se esconde una verdadera identidad propia de la parroquia.<\/p>\n<p>El <span style=\"color: #008000;\">Color verde<\/span> En la bandera\u00a0 transmite \u00a0paz, serenidad y tranquilidad a todas las personas que \u00a0visitan nuestra parroquia en \u00e9pocas festivas o los fines de semana, este color simboliza\u00a0 la serenidad de su gente amable y hospitalaria. Adem\u00e1s, el color verde es la viva representaci\u00f3n de la majestuosa vegetaci\u00f3n que disfrutan\u00a0 los sanjuanenses, iniciando desde el imponente \u00a0Cerro Pizhi, recorriendo la Cordillera del Tari, la Cascada de Tasqui, finalizando en las Orillas del r\u00edo Santa B\u00e1rbara.<\/p>\n<p>El Color Blanco En la bandera significa la fe arraigada que su gente tiene a la \u00a0religi\u00f3n cat\u00f3lica, siendo fieles devotos de su patrono, el Se\u00f1or de los Milagros. Por otro lado, el color blanco es vinculado con la pureza, este estado lo podemos apreciar en las c\u00e1lidas y cristalinas aguas que corren por los riachuelos del Cerro Pizhi, agua pura, cual manantial que sirve para el consumo diario del pueblo sanjuanense, desembocando en\u00a0 las orillas del\u00a0 majestuoso R\u00edo Santa B\u00e1rbara.<\/p>\n<p>El <span style=\"color: #ff0000;\">Color Rojo<\/span> En la bandera simboliza la historia de la tradici\u00f3n sanjuanense,\u00a0 representa la sangre que derramaban nuestros antepasados para no someterse al yugo espa\u00f1ol y \u00a0al juego de los Pucaras, un juego que consist\u00eda en reunirse entre parroquias vecinas o comunidades \u00a0para llevarse a cabo \u00a0un verdadero combate, con el fin de tener\u00a0 prosperidad en su parroquia. Para \u00a0finalizar, el color rojo refleja la vestimenta alegre de los habitantes de la parroquia, quienes en \u00e9pocas festivas lucen ponchos colorados y polleras rojas, destacando el glamur y la belleza del hombre y la mujer sanjuanense.<\/p>\n<\/div><\/div>\n<p style=\"text-align: center;\"><strong>EL ESCUDO<\/strong><\/p>\n<div  class=\"lgc-column lgc-grid-parent lgc-grid-50 lgc-tablet-grid-50 lgc-mobile-grid-100 lgc-equal-heights \"><div  class=\"inside-grid-column\">\n<p>&nbsp;<\/p>\n<p>&nbsp;<\/p>\n<p><img loading=\"lazy\" decoding=\"async\" class=\"wp-image-1076  aligncenter\" src=\"https:\/\/gadparroquialsanjuan.gob.ec\/azuay\/wp-content\/uploads\/2015\/02\/image4.jpeg\" alt=\"\" width=\"275\" height=\"345\" \/><\/p>\n<\/div><\/div>\n<div  class=\"lgc-column lgc-grid-parent lgc-grid-50 lgc-tablet-grid-50 lgc-mobile-grid-100 lgc-equal-heights \"><div  class=\"inside-grid-column\">\n<p>El escudo de la parroquia como bien se indica nace en el a\u00f1o de 1574 con una propuesta original que lleva cada uno de los hechos hist\u00f3ricos y de los lugares ic\u00f3nicos del pueblo San Juan del Cid. Empezando por su majestuoso Cerro Pizhi, considerado como el mayor \u00a0atractivo tur\u00edstico de la parroquia, aqu\u00ed \u00a0podemos encontrar una vegetaci\u00f3n exuberante con una gran diversidad en flora y fauna propias de este sitio. Otro elemento esencial es la iglesia de la parroquia, esta es una construcci\u00f3n que surge con la colonizaci\u00f3n de los espa\u00f1oles, la iglesia tiene una composici\u00f3n \u00fanica porque se basa en el \u00a0estilo g\u00f3tico pero mantiene rasgos esenciales de las primeras viviendas de nuestros antepasados. Dentro de esta construcci\u00f3n podemos encontrar im\u00e1genes religiosas que son patrimonio cultural de la\u00a0 parroquia. Junto a la iglesia podemos observar otro elemento esencial que es el sol, un astro que hasta la actualidad le rinden tributo por su presencia en los cultivos los habitantes de la parroquia, este festejo lo podemos observar en el mes de octubre, mes de la siembra y en junio, mes del Inti Raymi.\u00a0 Luego pasamos a las orillas del R\u00edo Sana B\u00e1rbara, este representa el lazo que no pudieron cruzar los espa\u00f1oles al momento que trataron de ingresar a la parroquia, esto se debe que al otro extremo del r\u00edo se encontraban nuestros antepasados luchando y atacando para no subyugarse ante ellos.\u00a0 En medio del r\u00edo podemos observar una mano que sostiene un martillo, este elemento representa el trabajo, la fortaleza el poder y el \u00f1eque de nuestros nativos. \u00a0Tambi\u00e9n se puede apreciar un gran parte de la vegetaci\u00f3n dentro del escudo, al borde del escudo podemos observar que tiene dos ramas de laurel, un \u00e1rbol que significa independencia, luchas, la perseverancia del pueblo sanjuanense. Y para finalizar se observa una antorcha encendida que significa esperanza y progreso de los habitantes en su pueblo que los vio nacer.<\/p>\n<\/div><\/div>\n<p>&nbsp;<\/p>\n<p style=\"text-align: center;\"><strong>HIMNO PARROQUIAL<\/strong><\/p>\n<div  class=\"lgc-column lgc-grid-parent lgc-grid-50 lgc-tablet-grid-50 lgc-mobile-grid-100 lgc-equal-heights \"><div  class=\"inside-grid-column\">\n<p><img loading=\"lazy\" decoding=\"async\" class=\"alignnone wp-image-1079\" src=\"https:\/\/gadparroquialsanjuan.gob.ec\/azuay\/wp-content\/uploads\/2015\/02\/image5.jpeg\" alt=\"\" width=\"450\" height=\"807\" srcset=\"https:\/\/gadparroquialsanjuan.gob.ec\/azuay\/wp-content\/uploads\/2015\/02\/image5.jpeg 571w, https:\/\/gadparroquialsanjuan.gob.ec\/azuay\/wp-content\/uploads\/2015\/02\/image5-446x800.jpeg 446w\" sizes=\"auto, (max-width: 450px) 100vw, 450px\" \/><\/p>\n<\/div><\/div>\n<div  class=\"lgc-column lgc-grid-parent lgc-grid-50 lgc-tablet-grid-50 lgc-mobile-grid-100 lgc-equal-heights \"><div  class=\"inside-grid-column\">\n<p>&nbsp;<\/p>\n<p>&nbsp;<\/p>\n<p>&nbsp;<\/p>\n<p>&nbsp;<\/p>\n<div class=\"wp-playlist wp-audio-playlist wp-playlist-light\">\n\t\t\t<div class=\"wp-playlist-current-item\"><\/div>\n\t\t<audio controls=\"controls\" preload=\"none\" width=\"640\"><\/audio>\n\t<div class=\"wp-playlist-next\"><\/div>\n\t<div class=\"wp-playlist-prev\"><\/div>\n\t<noscript>\n\t<ol>\n\t\t<li><a href='https:\/\/gadparroquialsanjuan.gob.ec\/azuay\/wp-content\/uploads\/2015\/02\/HOMENAJE-A-LA-PARROQUIA-SAN-JUAN-DEL-CID128K.mp3'>HOMENAJE A LA PARROQUIA SAN JUAN DEL CID<\/a><\/li>\t<\/ol>\n\t<\/noscript>\n\t<script type=\"application\/json\" class=\"wp-playlist-script\">{\"type\":\"audio\",\"tracklist\":true,\"tracknumbers\":true,\"images\":true,\"artists\":true,\"tracks\":[{\"src\":\"https:\/\/gadparroquialsanjuan.gob.ec\/azuay\/wp-content\/uploads\/2015\/02\/HOMENAJE-A-LA-PARROQUIA-SAN-JUAN-DEL-CID128K.mp3\",\"type\":\"audio\/mpeg\",\"title\":\"HOMENAJE A LA PARROQUIA SAN JUAN DEL CID\",\"caption\":\"\",\"description\":\"\\u00abHOMENAJE A LA PARROQUIA SAN JUAN DEL CID\\u00bb de HOMENAJE A LA PARROQUIA SAN JUAN DEL CID.\",\"meta\":{\"album\":\"HOMENAJE A LA PARROQUIA SAN JUAN DEL CID\",\"length_formatted\":\"3:55\"},\"image\":{\"src\":\"https:\/\/gadparroquialsanjuan.gob.ec\/azuay\/wp-includes\/images\/media\/audio.svg\",\"width\":48,\"height\":64},\"thumb\":{\"src\":\"https:\/\/gadparroquialsanjuan.gob.ec\/azuay\/wp-includes\/images\/media\/audio.svg\",\"width\":48,\"height\":64}}]}<\/script>\n<\/div>\n\t\n<\/div><\/div>\n","protected":false},"excerpt":{"rendered":"<p>La parroquia San Juan del CID, cuenta con tres s\u00edmbolos patrios, en los cuales son el himno parroquial, la bandera y el escudo emblem\u00e1tico de la parroquia. LA BANDERA EL ESCUDO &nbsp; HIMNO PARROQUIAL<\/p>\n","protected":false},"author":4,"featured_media":0,"comment_status":"closed","ping_status":"closed","sticky":false,"template":"","format":"standard","meta":{"_joinchat":[],"footnotes":""},"categories":[1],"tags":[],"class_list":["post-124","post","type-post","status-publish","format-standard","hentry","category-sin-categoria"],"yoast_head":"<!-- This site is optimized with the Yoast SEO plugin v24.1 - https:\/\/yoast.com\/wordpress\/plugins\/seo\/ -->\n<title>S\u00edmbolos Parroquiales - GAD Parroquial de San Juan<\/title>\n<meta name=\"robots\" content=\"index, follow, max-snippet:-1, max-image-preview:large, max-video-preview:-1\" \/>\n<link rel=\"canonical\" href=\"https:\/\/gadparroquialsanjuan.gob.ec\/azuay\/simbolos-parroquiales\/\" \/>\n<meta property=\"og:locale\" content=\"es_ES\" \/>\n<meta property=\"og:type\" content=\"article\" \/>\n<meta property=\"og:title\" content=\"S\u00edmbolos Parroquiales - GAD Parroquial de San Juan\" \/>\n<meta property=\"og:description\" content=\"La parroquia San Juan del CID, cuenta con tres s\u00edmbolos patrios, en los cuales son el himno parroquial, la bandera y el escudo emblem\u00e1tico de la parroquia. LA BANDERA EL ESCUDO &nbsp; HIMNO PARROQUIAL\" \/>\n<meta property=\"og:url\" content=\"https:\/\/gadparroquialsanjuan.gob.ec\/azuay\/simbolos-parroquiales\/\" \/>\n<meta property=\"og:site_name\" content=\"GAD Parroquial de San Juan\" \/>\n<meta property=\"article:published_time\" content=\"2015-02-20T03:25:30+00:00\" \/>\n<meta property=\"article:modified_time\" content=\"2022-03-10T15:40:29+00:00\" \/>\n<meta property=\"og:image\" content=\"https:\/\/gadparroquialsanjuan.gob.ec\/azuay\/wp-content\/uploads\/2015\/02\/image3.jpeg\" \/>\n<meta name=\"author\" content=\"agadparroquialsanjuan\" \/>\n<meta name=\"twitter:card\" content=\"summary_large_image\" \/>\n<meta name=\"twitter:label1\" content=\"Escrito por\" \/>\n\t<meta name=\"twitter:data1\" content=\"agadparroquialsanjuan\" \/>\n\t<meta name=\"twitter:label2\" content=\"Tiempo de lectura\" \/>\n\t<meta name=\"twitter:data2\" content=\"4 minutos\" \/>\n<script type=\"application\/ld+json\" class=\"yoast-schema-graph\">{\"@context\":\"https:\/\/schema.org\",\"@graph\":[{\"@type\":\"Article\",\"@id\":\"https:\/\/gadparroquialsanjuan.gob.ec\/azuay\/simbolos-parroquiales\/#article\",\"isPartOf\":{\"@id\":\"https:\/\/gadparroquialsanjuan.gob.ec\/azuay\/simbolos-parroquiales\/\"},\"author\":{\"name\":\"agadparroquialsanjuan\",\"@id\":\"https:\/\/gadparroquialsanjuan.gob.ec\/azuay\/#\/schema\/person\/f53e5abb7aada71a4dd3b2a62464ea10\"},\"headline\":\"S\u00edmbolos Parroquiales\",\"datePublished\":\"2015-02-20T03:25:30+00:00\",\"dateModified\":\"2022-03-10T15:40:29+00:00\",\"mainEntityOfPage\":{\"@id\":\"https:\/\/gadparroquialsanjuan.gob.ec\/azuay\/simbolos-parroquiales\/\"},\"wordCount\":770,\"publisher\":{\"@id\":\"https:\/\/gadparroquialsanjuan.gob.ec\/azuay\/#organization\"},\"image\":{\"@id\":\"https:\/\/gadparroquialsanjuan.gob.ec\/azuay\/simbolos-parroquiales\/#primaryimage\"},\"thumbnailUrl\":\"https:\/\/gadparroquialsanjuan.gob.ec\/azuay\/wp-content\/uploads\/2015\/02\/image3.jpeg\",\"inLanguage\":\"es\"},{\"@type\":\"WebPage\",\"@id\":\"https:\/\/gadparroquialsanjuan.gob.ec\/azuay\/simbolos-parroquiales\/\",\"url\":\"https:\/\/gadparroquialsanjuan.gob.ec\/azuay\/simbolos-parroquiales\/\",\"name\":\"S\u00edmbolos Parroquiales - GAD Parroquial de San Juan\",\"isPartOf\":{\"@id\":\"https:\/\/gadparroquialsanjuan.gob.ec\/azuay\/#website\"},\"primaryImageOfPage\":{\"@id\":\"https:\/\/gadparroquialsanjuan.gob.ec\/azuay\/simbolos-parroquiales\/#primaryimage\"},\"image\":{\"@id\":\"https:\/\/gadparroquialsanjuan.gob.ec\/azuay\/simbolos-parroquiales\/#primaryimage\"},\"thumbnailUrl\":\"https:\/\/gadparroquialsanjuan.gob.ec\/azuay\/wp-content\/uploads\/2015\/02\/image3.jpeg\",\"datePublished\":\"2015-02-20T03:25:30+00:00\",\"dateModified\":\"2022-03-10T15:40:29+00:00\",\"breadcrumb\":{\"@id\":\"https:\/\/gadparroquialsanjuan.gob.ec\/azuay\/simbolos-parroquiales\/#breadcrumb\"},\"inLanguage\":\"es\",\"potentialAction\":[{\"@type\":\"ReadAction\",\"target\":[\"https:\/\/gadparroquialsanjuan.gob.ec\/azuay\/simbolos-parroquiales\/\"]}]},{\"@type\":\"ImageObject\",\"inLanguage\":\"es\",\"@id\":\"https:\/\/gadparroquialsanjuan.gob.ec\/azuay\/simbolos-parroquiales\/#primaryimage\",\"url\":\"https:\/\/gadparroquialsanjuan.gob.ec\/azuay\/wp-content\/uploads\/2015\/02\/image3.jpeg\",\"contentUrl\":\"https:\/\/gadparroquialsanjuan.gob.ec\/azuay\/wp-content\/uploads\/2015\/02\/image3.jpeg\",\"width\":300,\"height\":200},{\"@type\":\"BreadcrumbList\",\"@id\":\"https:\/\/gadparroquialsanjuan.gob.ec\/azuay\/simbolos-parroquiales\/#breadcrumb\",\"itemListElement\":[{\"@type\":\"ListItem\",\"position\":1,\"name\":\"Home\",\"item\":\"https:\/\/gadparroquialsanjuan.gob.ec\/azuay\/\"},{\"@type\":\"ListItem\",\"position\":2,\"name\":\"S\u00edmbolos Parroquiales\"}]},{\"@type\":\"WebSite\",\"@id\":\"https:\/\/gadparroquialsanjuan.gob.ec\/azuay\/#website\",\"url\":\"https:\/\/gadparroquialsanjuan.gob.ec\/azuay\/\",\"name\":\"GAD Parroquial de San Juan\",\"description\":\"Sitio Oficial del GAD Parroquial San Juan Azuay\",\"publisher\":{\"@id\":\"https:\/\/gadparroquialsanjuan.gob.ec\/azuay\/#organization\"},\"potentialAction\":[{\"@type\":\"SearchAction\",\"target\":{\"@type\":\"EntryPoint\",\"urlTemplate\":\"https:\/\/gadparroquialsanjuan.gob.ec\/azuay\/?s={search_term_string}\"},\"query-input\":{\"@type\":\"PropertyValueSpecification\",\"valueRequired\":true,\"valueName\":\"search_term_string\"}}],\"inLanguage\":\"es\"},{\"@type\":\"Organization\",\"@id\":\"https:\/\/gadparroquialsanjuan.gob.ec\/azuay\/#organization\",\"name\":\"GAD parroquial de San Juan del Cid\",\"url\":\"https:\/\/gadparroquialsanjuan.gob.ec\/azuay\/\",\"logo\":{\"@type\":\"ImageObject\",\"inLanguage\":\"es\",\"@id\":\"https:\/\/gadparroquialsanjuan.gob.ec\/azuay\/#\/schema\/logo\/image\/\",\"url\":\"https:\/\/gadparroquialsanjuan.gob.ec\/azuay\/wp-content\/uploads\/2020\/06\/logoFooter.png\",\"contentUrl\":\"https:\/\/gadparroquialsanjuan.gob.ec\/azuay\/wp-content\/uploads\/2020\/06\/logoFooter.png\",\"width\":200,\"height\":150,\"caption\":\"GAD parroquial de San Juan del Cid\"},\"image\":{\"@id\":\"https:\/\/gadparroquialsanjuan.gob.ec\/azuay\/#\/schema\/logo\/image\/\"}},{\"@type\":\"Person\",\"@id\":\"https:\/\/gadparroquialsanjuan.gob.ec\/azuay\/#\/schema\/person\/f53e5abb7aada71a4dd3b2a62464ea10\",\"name\":\"agadparroquialsanjuan\",\"image\":{\"@type\":\"ImageObject\",\"inLanguage\":\"es\",\"@id\":\"https:\/\/gadparroquialsanjuan.gob.ec\/azuay\/#\/schema\/person\/image\/\",\"url\":\"https:\/\/secure.gravatar.com\/avatar\/b7ceb8d4252728c0b1d1cd3b9cad0763b9c634e606648daa884e5ee6d60d6ebc?s=96&d=mm&r=g\",\"contentUrl\":\"https:\/\/secure.gravatar.com\/avatar\/b7ceb8d4252728c0b1d1cd3b9cad0763b9c634e606648daa884e5ee6d60d6ebc?s=96&d=mm&r=g\",\"caption\":\"agadparroquialsanjuan\"},\"url\":\"https:\/\/gadparroquialsanjuan.gob.ec\/azuay\/author\/agadparroquialsanjuan\/\"}]}<\/script>\n<!-- \/ Yoast SEO plugin. -->","yoast_head_json":{"title":"S\u00edmbolos Parroquiales - GAD Parroquial de San Juan","robots":{"index":"index","follow":"follow","max-snippet":"max-snippet:-1","max-image-preview":"max-image-preview:large","max-video-preview":"max-video-preview:-1"},"canonical":"https:\/\/gadparroquialsanjuan.gob.ec\/azuay\/simbolos-parroquiales\/","og_locale":"es_ES","og_type":"article","og_title":"S\u00edmbolos Parroquiales - GAD Parroquial de San Juan","og_description":"La parroquia San Juan del CID, cuenta con tres s\u00edmbolos patrios, en los cuales son el himno parroquial, la bandera y el escudo emblem\u00e1tico de la parroquia. LA BANDERA EL ESCUDO &nbsp; HIMNO PARROQUIAL","og_url":"https:\/\/gadparroquialsanjuan.gob.ec\/azuay\/simbolos-parroquiales\/","og_site_name":"GAD Parroquial de San Juan","article_published_time":"2015-02-20T03:25:30+00:00","article_modified_time":"2022-03-10T15:40:29+00:00","og_image":[{"url":"https:\/\/gadparroquialsanjuan.gob.ec\/azuay\/wp-content\/uploads\/2015\/02\/image3.jpeg","type":"","width":"","height":""}],"author":"agadparroquialsanjuan","twitter_card":"summary_large_image","twitter_misc":{"Escrito por":"agadparroquialsanjuan","Tiempo de lectura":"4 minutos"},"schema":{"@context":"https:\/\/schema.org","@graph":[{"@type":"Article","@id":"https:\/\/gadparroquialsanjuan.gob.ec\/azuay\/simbolos-parroquiales\/#article","isPartOf":{"@id":"https:\/\/gadparroquialsanjuan.gob.ec\/azuay\/simbolos-parroquiales\/"},"author":{"name":"agadparroquialsanjuan","@id":"https:\/\/gadparroquialsanjuan.gob.ec\/azuay\/#\/schema\/person\/f53e5abb7aada71a4dd3b2a62464ea10"},"headline":"S\u00edmbolos Parroquiales","datePublished":"2015-02-20T03:25:30+00:00","dateModified":"2022-03-10T15:40:29+00:00","mainEntityOfPage":{"@id":"https:\/\/gadparroquialsanjuan.gob.ec\/azuay\/simbolos-parroquiales\/"},"wordCount":770,"publisher":{"@id":"https:\/\/gadparroquialsanjuan.gob.ec\/azuay\/#organization"},"image":{"@id":"https:\/\/gadparroquialsanjuan.gob.ec\/azuay\/simbolos-parroquiales\/#primaryimage"},"thumbnailUrl":"https:\/\/gadparroquialsanjuan.gob.ec\/azuay\/wp-content\/uploads\/2015\/02\/image3.jpeg","inLanguage":"es"},{"@type":"WebPage","@id":"https:\/\/gadparroquialsanjuan.gob.ec\/azuay\/simbolos-parroquiales\/","url":"https:\/\/gadparroquialsanjuan.gob.ec\/azuay\/simbolos-parroquiales\/","name":"S\u00edmbolos Parroquiales - GAD Parroquial de San Juan","isPartOf":{"@id":"https:\/\/gadparroquialsanjuan.gob.ec\/azuay\/#website"},"primaryImageOfPage":{"@id":"https:\/\/gadparroquialsanjuan.gob.ec\/azuay\/simbolos-parroquiales\/#primaryimage"},"image":{"@id":"https:\/\/gadparroquialsanjuan.gob.ec\/azuay\/simbolos-parroquiales\/#primaryimage"},"thumbnailUrl":"https:\/\/gadparroquialsanjuan.gob.ec\/azuay\/wp-content\/uploads\/2015\/02\/image3.jpeg","datePublished":"2015-02-20T03:25:30+00:00","dateModified":"2022-03-10T15:40:29+00:00","breadcrumb":{"@id":"https:\/\/gadparroquialsanjuan.gob.ec\/azuay\/simbolos-parroquiales\/#breadcrumb"},"inLanguage":"es","potentialAction":[{"@type":"ReadAction","target":["https:\/\/gadparroquialsanjuan.gob.ec\/azuay\/simbolos-parroquiales\/"]}]},{"@type":"ImageObject","inLanguage":"es","@id":"https:\/\/gadparroquialsanjuan.gob.ec\/azuay\/simbolos-parroquiales\/#primaryimage","url":"https:\/\/gadparroquialsanjuan.gob.ec\/azuay\/wp-content\/uploads\/2015\/02\/image3.jpeg","contentUrl":"https:\/\/gadparroquialsanjuan.gob.ec\/azuay\/wp-content\/uploads\/2015\/02\/image3.jpeg","width":300,"height":200},{"@type":"BreadcrumbList","@id":"https:\/\/gadparroquialsanjuan.gob.ec\/azuay\/simbolos-parroquiales\/#breadcrumb","itemListElement":[{"@type":"ListItem","position":1,"name":"Home","item":"https:\/\/gadparroquialsanjuan.gob.ec\/azuay\/"},{"@type":"ListItem","position":2,"name":"S\u00edmbolos Parroquiales"}]},{"@type":"WebSite","@id":"https:\/\/gadparroquialsanjuan.gob.ec\/azuay\/#website","url":"https:\/\/gadparroquialsanjuan.gob.ec\/azuay\/","name":"GAD Parroquial de San Juan","description":"Sitio Oficial del GAD Parroquial San Juan Azuay","publisher":{"@id":"https:\/\/gadparroquialsanjuan.gob.ec\/azuay\/#organization"},"potentialAction":[{"@type":"SearchAction","target":{"@type":"EntryPoint","urlTemplate":"https:\/\/gadparroquialsanjuan.gob.ec\/azuay\/?s={search_term_string}"},"query-input":{"@type":"PropertyValueSpecification","valueRequired":true,"valueName":"search_term_string"}}],"inLanguage":"es"},{"@type":"Organization","@id":"https:\/\/gadparroquialsanjuan.gob.ec\/azuay\/#organization","name":"GAD parroquial de San Juan del Cid","url":"https:\/\/gadparroquialsanjuan.gob.ec\/azuay\/","logo":{"@type":"ImageObject","inLanguage":"es","@id":"https:\/\/gadparroquialsanjuan.gob.ec\/azuay\/#\/schema\/logo\/image\/","url":"https:\/\/gadparroquialsanjuan.gob.ec\/azuay\/wp-content\/uploads\/2020\/06\/logoFooter.png","contentUrl":"https:\/\/gadparroquialsanjuan.gob.ec\/azuay\/wp-content\/uploads\/2020\/06\/logoFooter.png","width":200,"height":150,"caption":"GAD parroquial de San Juan del Cid"},"image":{"@id":"https:\/\/gadparroquialsanjuan.gob.ec\/azuay\/#\/schema\/logo\/image\/"}},{"@type":"Person","@id":"https:\/\/gadparroquialsanjuan.gob.ec\/azuay\/#\/schema\/person\/f53e5abb7aada71a4dd3b2a62464ea10","name":"agadparroquialsanjuan","image":{"@type":"ImageObject","inLanguage":"es","@id":"https:\/\/gadparroquialsanjuan.gob.ec\/azuay\/#\/schema\/person\/image\/","url":"https:\/\/secure.gravatar.com\/avatar\/b7ceb8d4252728c0b1d1cd3b9cad0763b9c634e606648daa884e5ee6d60d6ebc?s=96&d=mm&r=g","contentUrl":"https:\/\/secure.gravatar.com\/avatar\/b7ceb8d4252728c0b1d1cd3b9cad0763b9c634e606648daa884e5ee6d60d6ebc?s=96&d=mm&r=g","caption":"agadparroquialsanjuan"},"url":"https:\/\/gadparroquialsanjuan.gob.ec\/azuay\/author\/agadparroquialsanjuan\/"}]}},"_links":{"self":[{"href":"https:\/\/gadparroquialsanjuan.gob.ec\/azuay\/wp-json\/wp\/v2\/posts\/124","targetHints":{"allow":["GET"]}}],"collection":[{"href":"https:\/\/gadparroquialsanjuan.gob.ec\/azuay\/wp-json\/wp\/v2\/posts"}],"about":[{"href":"https:\/\/gadparroquialsanjuan.gob.ec\/azuay\/wp-json\/wp\/v2\/types\/post"}],"author":[{"embeddable":true,"href":"https:\/\/gadparroquialsanjuan.gob.ec\/azuay\/wp-json\/wp\/v2\/users\/4"}],"replies":[{"embeddable":true,"href":"https:\/\/gadparroquialsanjuan.gob.ec\/azuay\/wp-json\/wp\/v2\/comments?post=124"}],"version-history":[{"count":13,"href":"https:\/\/gadparroquialsanjuan.gob.ec\/azuay\/wp-json\/wp\/v2\/posts\/124\/revisions"}],"predecessor-version":[{"id":1083,"href":"https:\/\/gadparroquialsanjuan.gob.ec\/azuay\/wp-json\/wp\/v2\/posts\/124\/revisions\/1083"}],"wp:attachment":[{"href":"https:\/\/gadparroquialsanjuan.gob.ec\/azuay\/wp-json\/wp\/v2\/media?parent=124"}],"wp:term":[{"taxonomy":"category","embeddable":true,"href":"https:\/\/gadparroquialsanjuan.gob.ec\/azuay\/wp-json\/wp\/v2\/categories?post=124"},{"taxonomy":"post_tag","embeddable":true,"href":"https:\/\/gadparroquialsanjuan.gob.ec\/azuay\/wp-json\/wp\/v2\/tags?post=124"}],"curies":[{"name":"wp","href":"https:\/\/api.w.org\/{rel}","templated":true}]}}